{"id":2558,"date":"2026-08-24T13:12:08","date_gmt":"2026-08-24T17:12:08","guid":{"rendered":"https:\/\/julesverne.swlauriersb.qc.ca\/?p=2558"},"modified":"2026-08-24T13:12:10","modified_gmt":"2026-08-24T17:12:10","slug":"assemblee-generale-annuelle","status":"publish","type":"post","link":"https:\/\/julesverne.swlauriersb.qc.ca\/fr\/2026\/08\/24\/assemblee-generale-annuelle\/","title":{"rendered":"Assembl\u00e9e g\u00e9n\u00e9rale annuelle"},"content":{"rendered":"\n<p>L&#8217;assembl\u00e9e g\u00e9n\u00e9rale annuelle de l&#8217;\u00e9cole primaire Jules Verne aura lieu le 10 septembre 2026.<\/p>\n","protected":false},"excerpt":{"rendered":"<p>L&#8217;assembl\u00e9e g\u00e9n\u00e9rale annuelle de l&#8217;\u00e9cole primaire Jules Verne aura lieu le 10 septembre 2026.<\/p>\n","protected":false},"author":109,"featured_media":1118,"comment_status":"closed","ping_status":"open","sticky":false,"template":"","format":"standard","meta":{"_acf_changed":false,"_relevanssi_hide_post":"","_relevanssi_hide_content":"","_relevanssi_pin_for_all":"","_relevanssi_pin_keywords":"","_relevanssi_unpin_keywords":"","_relevanssi_related_keywords":"","_relevanssi_related_include_ids":"","_relevanssi_related_exclude_ids":"","_relevanssi_related_no_append":"","_relevanssi_related_not_related":"","_relevanssi_related_posts":"2560,2556","_relevanssi_noindex_reason":"","footnotes":""},"categories":[26],"tags":[],"acf":[],"_links":{"self":[{"href":"https:\/\/julesverne.swlauriersb.qc.ca\/fr\/wp-json\/wp\/v2\/posts\/2558"}],"collection":[{"href":"https:\/\/julesverne.swlauriersb.qc.ca\/fr\/wp-json\/wp\/v2\/posts"}],"about":[{"href":"https:\/\/julesverne.swlauriersb.qc.ca\/fr\/wp-json\/wp\/v2\/types\/post"}],"author":[{"embeddable":true,"href":"https:\/\/julesverne.swlauriersb.qc.ca\/fr\/wp-json\/wp\/v2\/users\/109"}],"replies":[{"embeddable":true,"href":"https:\/\/julesverne.swlauriersb.qc.ca\/fr\/wp-json\/wp\/v2\/comments?post=2558"}],"version-history":[{"count":1,"href":"https:\/\/julesverne.swlauriersb.qc.ca\/fr\/wp-json\/wp\/v2\/posts\/2558\/revisions"}],"predecessor-version":[{"id":2559,"href":"https:\/\/julesverne.swlauriersb.qc.ca\/fr\/wp-json\/wp\/v2\/posts\/2558\/revisions\/2559"}],"wp:featuredmedia":[{"embeddable":true,"href":"https:\/\/julesverne.swlauriersb.qc.ca\/fr\/wp-json\/wp\/v2\/media\/1118"}],"wp:attachment":[{"href":"https:\/\/julesverne.swlauriersb.qc.ca\/fr\/wp-json\/wp\/v2\/media?parent=2558"}],"wp:term":[{"taxonomy":"category","embeddable":true,"href":"https:\/\/julesverne.swlauriersb.qc.ca\/fr\/wp-json\/wp\/v2\/categories?post=2558"},{"taxonomy":"post_tag","embeddable":true,"href":"https:\/\/julesverne.swlauriersb.qc.ca\/fr\/wp-json\/wp\/v2\/tags?post=2558"}],"curies":[{"name":"wp","href":"https:\/\/api.w.org\/{rel}","templated":true}]}}