{"id":2560,"date":"2026-08-24T13:11:49","date_gmt":"2026-08-24T17:11:49","guid":{"rendered":"https:\/\/julesverne.swlauriersb.qc.ca\/?p=2560"},"modified":"2026-08-24T13:11:50","modified_gmt":"2026-08-24T17:11:50","slug":"le-service-de-repas-chauds-de-les-trois-traiteurs","status":"publish","type":"post","link":"https:\/\/julesverne.swlauriersb.qc.ca\/fr\/2026\/08\/24\/le-service-de-repas-chauds-de-les-trois-traiteurs\/","title":{"rendered":"Le service de repas chauds de Les Trois Traiteurs"},"content":{"rendered":"\n<p>Nous sommes heureux de vous annoncer que <strong>Les Trois Traiteurs<\/strong> offrira \u00e0 nouveau le service de repas chauds cetter ann\u00e9e.  Le service de repas chauds \u00e0 l&#8217;\u00e9cole primaire Jules Verne d\u00e9butera le lundi, 31 ao\u00fbt 2026.<\/p>\n\n\n\n<p>Veuillez noter que les ustensiles ne sont pas fournis par le traiteur.  Nous vous demandons donc de vous assurer que votre enfant ait en tout temps un ensemble d&#8217;ustensiles dans sa bo\u00eete \u00e0 lunch.<\/p>\n\n\n\n<div class=\"wp-block-buttons is-layout-flex wp-block-buttons-is-layout-flex\">\n<div class=\"wp-block-button\"><a class=\"wp-block-button__link has-teal-500-background-color has-background has-text-align-left wp-element-button\" href=\"https:\/\/julesverne.swlauriersb.qc.ca\/wp-content\/uploads\/sites\/35\/2026\/08\/Les-Trois-Traiteurs-Catering-Service-Welcome-Letter-Jules-Verne.pdf\">VEUILLEZ CLIQUER ICI POUR CONSULTER LA LETTRE DE BIENVENUE ET LES RENSEIGNEMENTS RELATIFS AUX COMMANDES POUR L&#8217;ANN\u00c9E SCOLAIRE 2026-2027.<i class=\"icon-arrow-left\"><\/i><\/a><\/div>\n<\/div>\n\n\n\n<p>Pour toute question, veuillez contacter:<\/p>\n\n\n\n<ul>\n<li>Courriel: info@lestroistraiteurs.com<\/li>\n\n\n\n<li>T\u00e9l\u00e9phone: (514) 307-0440<\/li>\n<\/ul>\n","protected":false},"excerpt":{"rendered":"<p>Nous sommes heureux de vous annoncer que Les Trois Traiteurs offrira \u00e0 nouveau le service de repas chauds cetter ann\u00e9e. Le service de repas chauds \u00e0 l&#8217;\u00e9cole primaire Jules Verne d\u00e9butera le lundi, 31 ao\u00fbt 2026. Veuillez noter que les ustensiles ne sont pas fournis par le traiteur. Nous vous demandons donc de vous assurer&hellip;<\/p>\n","protected":false},"author":109,"featured_media":1147,"comment_status":"closed","ping_status":"open","sticky":false,"template":"","format":"standard","meta":{"_acf_changed":false,"_relevanssi_hide_post":"","_relevanssi_hide_content":"","_relevanssi_pin_for_all":"","_relevanssi_pin_keywords":"","_relevanssi_unpin_keywords":"","_relevanssi_related_keywords":"","_relevanssi_related_include_ids":"","_relevanssi_related_exclude_ids":"","_relevanssi_related_no_append":"","_relevanssi_related_not_related":"","_relevanssi_related_posts":"2556,2558","_relevanssi_noindex_reason":"","footnotes":""},"categories":[28],"tags":[],"acf":[],"_links":{"self":[{"href":"https:\/\/julesverne.swlauriersb.qc.ca\/fr\/wp-json\/wp\/v2\/posts\/2560"}],"collection":[{"href":"https:\/\/julesverne.swlauriersb.qc.ca\/fr\/wp-json\/wp\/v2\/posts"}],"about":[{"href":"https:\/\/julesverne.swlauriersb.qc.ca\/fr\/wp-json\/wp\/v2\/types\/post"}],"author":[{"embeddable":true,"href":"https:\/\/julesverne.swlauriersb.qc.ca\/fr\/wp-json\/wp\/v2\/users\/109"}],"replies":[{"embeddable":true,"href":"https:\/\/julesverne.swlauriersb.qc.ca\/fr\/wp-json\/wp\/v2\/comments?post=2560"}],"version-history":[{"count":1,"href":"https:\/\/julesverne.swlauriersb.qc.ca\/fr\/wp-json\/wp\/v2\/posts\/2560\/revisions"}],"predecessor-version":[{"id":2561,"href":"https:\/\/julesverne.swlauriersb.qc.ca\/fr\/wp-json\/wp\/v2\/posts\/2560\/revisions\/2561"}],"wp:featuredmedia":[{"embeddable":true,"href":"https:\/\/julesverne.swlauriersb.qc.ca\/fr\/wp-json\/wp\/v2\/media\/1147"}],"wp:attachment":[{"href":"https:\/\/julesverne.swlauriersb.qc.ca\/fr\/wp-json\/wp\/v2\/media?parent=2560"}],"wp:term":[{"taxonomy":"category","embeddable":true,"href":"https:\/\/julesverne.swlauriersb.qc.ca\/fr\/wp-json\/wp\/v2\/categories?post=2560"},{"taxonomy":"post_tag","embeddable":true,"href":"https:\/\/julesverne.swlauriersb.qc.ca\/fr\/wp-json\/wp\/v2\/tags?post=2560"}],"curies":[{"name":"wp","href":"https:\/\/api.w.org\/{rel}","templated":true}]}}